{"id":5543,"date":"2026-09-01T13:32:12","date_gmt":"2026-09-01T11:32:12","guid":{"rendered":"https:\/\/www.ntgn.hu\/?p=5543"},"modified":"2026-09-01T15:50:09","modified_gmt":"2026-09-01T13:50:09","slug":"lebontani-a-falakat","status":"publish","type":"post","link":"https:\/\/www.ntgn.hu\/?p=5543","title":{"rendered":"Lebontani a falakat"},"content":{"rendered":"\n<p class=\"wp-block-paragraph\"><em>Harle Tam\u00e1s sz\u00e1m\u00e1ra az \u00fajs\u00e1g\u00edr\u00e1s nem puszt\u00e1n mesters\u00e9g, hanem mindenekel\u0151tt k\u00edv\u00e1ncsis\u00e1g az ember ir\u00e1nt. M\u00e9diatan\u00e1rk\u00e9nt harminc \u00e9v tapasztalat\u00e1ra t\u00e1maszkodhat, vend\u00e9gel\u0151ad\u00f3k\u00e9nt n\u00e9h\u00e1ny perc alatt k\u00f6zvetlen l\u00e9gk\u00f6rt teremtett a NTGN hallgat\u00f3ival. Nyitotts\u00e1g, humor \u00e9s \u00f6nir\u00f3nia jellemzi, mik\u00f6zben a szakm\u00e1r\u00f3l meglehet\u0151sen kem\u00e9nyen \u00e9s ill\u00fazi\u00f3k n\u00e9lk\u00fcl besz\u00e9l. Az \u00fajs\u00e1g\u00edr\u00e1s mesters\u00e9ge \u00e9s m\u0171v\u00e9szete c\u00edm\u0171 k\u00f6nyv szerz\u0151jek\u00e9nt ma is fontosnak tartja a klasszikus \u00fajs\u00e1g\u00edr\u00f3i m\u0171fajok ismeret\u00e9t, ugyanakkor pontosan l\u00e1tja, hogy a mesters\u00e9ges intelligencia alapjaiban alak\u00edthatja \u00e1t a szakm\u00e1t.<\/em><\/p>\n\n\n\n<p class=\"wp-block-paragraph\"><em>A besz\u00e9lget\u0151t\u00e1rsammal val\u00f3 szakmai \u00e9s szem\u00e9lyes kapcsolatunkra tekintettel az interj\u00fa sor\u00e1n tegez\u0151dt\u00fcnk.<\/em><\/p>\n\n\n\n<p class=\"wp-block-paragraph\">Amikor megh\u00edvtunk \u00f3r\u00e1ra, a bemutatkoz\u00e1sod ut\u00e1n \u00e1tvetted a k\u00e9rdez\u00e9s lehet\u0151s\u00e9g\u00e9t, \u00e9s olyan k\u00f6zvetlen hangulatot teremtett\u00e9l a di\u00e1kokkal, hogy ezt k\u00f6vet\u0151en m\u00e1r fesztelen\u00fcl tett\u00e9k fel a k\u00e9rd\u00e9seiket. Az \u00f3r\u00e1idon alap a j\u00f3 hangulat, az interaktivit\u00e1s?<\/p>\n\n\n\n<ul class=\"wp-block-list\">\n<li>Nem csak az \u00f3r\u00e1imon \u2013 jelentette ki Harle Tam\u00e1s. \u2013 Amikor r\u00e1di\u00f3- \u00e9s t\u00e9v\u00e9m\u0171sorokat vezettem, akkor is igyekeztem oldott hangulatot teremteni az els\u0151 percekt\u0151l. Szerintem egy riporternek az egyik legnagyobb er\u00e9nye az, ha nagyon r\u00f6vid id\u0151 alatt le tudja bontani a falakat. Ilyenkor a szem\u00e9be n\u00e9zel, k\u00edv\u00e1ncsi vagy r\u00e1, mint ahogy \u00e9n k\u00edv\u00e1ncsi voltam a di\u00e1kokra. Teh\u00e1t ez nem csak egy technikai, taktikai l\u00e9p\u00e9s, hanem val\u00f3ban k\u00edv\u00e1ncsi vagyok arra, hogy kik vesznek k\u00f6rbe.<br>Amikor tan\u00edtok, az els\u0151 alkalommal, legyenek ak\u00e1r huszon\u00f6ten vagy \u00f6tvenen, mindenki elmondja a nev\u00e9t, \u00e9s az el\u0151z\u0151 t\u00e1rs\u00e1\u00e9t is, az is az el\u0151z\u0151t \u00e9s \u00edgy tov\u00e1bb, ez nagyszer\u0171 m\u00f3ka, a leg\u00e1lmosabb hangulatot is felr\u00e1zza. Tal\u00e1n harminc\u00f6t ember volt a legt\u00f6bb, amikor t\u00edz perc alatt szinte mindenki tudta a m\u00e1sik nev\u00e9t. \u00c9n vagyok a legrosszabb ebben, ezen nevetnek is, \u00f3, a tan\u00e1r is hib\u00e1zhat?!<\/li>\n<\/ul>\n\n\n\n<p class=\"wp-block-paragraph\">Azokra a k\u00e9rd\u00e9sekre, amelyekre id\u0151hi\u00e1ny miatt az \u00f3r\u00e1n nem ker\u00fclt sor, k\u00e9s\u0151bb \u00edr\u00e1sban, e-mailben v\u00e1laszolt\u00e1l nekem. Mi\u00e9rt \u00e9rezted fontosnak?<\/p>\n\n\n\n<ul class=\"wp-block-list\">\n<li>Ezek a fiatalok id\u0151t sz\u00e1ntak r\u00e1, hogy felk\u00e9sz\u00fcljenek, \u00e9s meg\u00edrj\u00e1k a k\u00e9rd\u00e9seiket. Megtiszteltek engem, \u00f6nmagukat \u00e9s a feladatot, nem lehetett \u00fagy befejezni, hogy lej\u00e1rt az id\u0151nk, sziasztok! Tudn\u00e9k felk\u00e9sz\u00fcl\u00e9s n\u00e9lk\u00fcl h\u00fasz \u00f3r\u00e1t is tartani, de \u00e9n mindig felk\u00e9sz\u00fcl\u00f6k, \u00e9s itt is minden k\u00e9rd\u00e9sre m\u00e1r el\u0151re megvolt a v\u00e1laszom. Tudtam, mennyi id\u0151 \u00e1ll rendelkez\u00e9sre, de nem f\u00e9rt bele minden k\u00e9rd\u00e9s. \u00c9s egy-kett\u0151 kiv\u00e9tel\u00e9vel j\u00f3k voltak, \u00e9rdekesek. Nem bonyol\u00edtott\u00e1k t\u00fal, \u00e9s ugye van egy ilyen szab\u00e1ly is, hogy ne k\u00e9rdezz egyszerre h\u00e1rmat, mert akkor nem kapod meg mindre a v\u00e1laszt.<\/li>\n<\/ul>\n\n\n<div class=\"wp-block-image\">\n<figure class=\"aligncenter size-large\"><img fetchpriority=\"high\" decoding=\"async\" width=\"1024\" height=\"768\" src=\"https:\/\/www.ntgn.hu\/wp-content\/uploads\/2026\/09\/ht_bz-1024x768.jpg\" alt=\"\" class=\"wp-image-5549\" srcset=\"https:\/\/www.ntgn.hu\/wp-content\/uploads\/2026\/09\/ht_bz-1024x768.jpg 1024w, https:\/\/www.ntgn.hu\/wp-content\/uploads\/2026\/09\/ht_bz-300x225.jpg 300w, https:\/\/www.ntgn.hu\/wp-content\/uploads\/2026\/09\/ht_bz-768x576.jpg 768w, https:\/\/www.ntgn.hu\/wp-content\/uploads\/2026\/09\/ht_bz-1536x1152.jpg 1536w, https:\/\/www.ntgn.hu\/wp-content\/uploads\/2026\/09\/ht_bz.jpg 2048w\" sizes=\"(max-width: 1024px) 100vw, 1024px\" \/><\/figure>\n<\/div>\n\n\n<p class=\"wp-block-paragraph\"><em>Az \u00fajs\u00e1g\u00edr\u00e1s mesters\u00e9ge \u00e9s m\u0171v\u00e9szete<\/em> c\u00edm\u0171 k\u00f6nyved a hazai m\u00e9diaoktat\u00e1s egyik alapm\u0171ve. Mikor \u00e9rezted a visszajelz\u00e9sekb\u0151l, hogy sikeres lesz?<\/p>\n\n\n\n<ul class=\"wp-block-list\">\n<li>A legjobban \u00e9s legfrapp\u00e1nsabban Mur\u00e1nyi Andris (Mur\u00e1nyi Andr\u00e1s, az Index felel\u0151s szerkeszt\u0151je \u2013 a szerk.) foglalta \u00f6ssze, aki a h\u00e1toldalon azt \u00edrja: \u201eMiut\u00e1n az \u00fajs\u00e1g\u00edr\u00f3v\u00e1 v\u00e1l\u00e1s olyan folyamat, mintha egy amaz\u00f3niai t\u00fal\u00e9l\u0151t\u00far\u00e1n venn\u00e9l r\u00e9szt alig\u00e1torok \u00e9s piranh\u00e1k t\u00e1rsas\u00e1g\u00e1ban, k\u00f6nyvb\u0151l nem lehet megtanulni ezt a szakm\u00e1t. Ebb\u0151l m\u00e9gis.\u201d<br>T\u00edz \u00e9vig \u00edrtam, az els\u0151 hat \u00e9vben jegyzeteket k\u00e9sz\u00edtettem, \u00e9s pr\u00f3b\u00e1ltam kital\u00e1lni, hogy a r\u00e1m jellemz\u0151, p\u00e1rbesz\u00e9des, interakt\u00edv tan\u00edt\u00e1si form\u00e1t hogyan lehet egy k\u00f6nyvre \u00e1t\u00fcltetni. B\u00e1r van filoz\u00f3fia diplom\u00e1m, nem filoz\u00f3fiai m\u00e9lys\u00e9geket akartam. Az volt a c\u00e9l, hogy ha valaki megl\u00e1t egy cikket, azt be tudja azonos\u00edtani, s\u0151t ak\u00e1r csak e k\u00f6nyv alapj\u00e1n b\u00e1rmilyen m\u0171fajban k\u00e9pes legyen cikket \u00edrni. A visszajelz\u00e9sek alapj\u00e1n, \u00e9s m\u00e1r a negyedik kiad\u00e1sn\u00e1l tartunk, ilyen lett. Kellene m\u00e1r b\u0151v\u00edteni, \u00fajra\u00edrni, mert nagyon sok olyan m\u0171faj sz\u00fcletett, ami abban m\u00e9g nem lehetett benne.<\/li>\n<\/ul>\n\n\n\n<p class=\"wp-block-paragraph\">A k\u00f6nyvedben r\u00e9szletesen elemzed a klasszikus m\u0171fajok fel\u00e9p\u00edt\u00e9s\u00e9t. Mennyire l\u00e1tod a di\u00e1kokon, hogy az online trendek \u00e9s a gyors tartalomfogyaszt\u00e1s miatt \u00e1t\u00edr\u00f3dnak ezek a szab\u00e1lyok? Meg lehet m\u00e9g menteni a klasszikus riportot?<\/p>\n\n\n\n<ul class=\"wp-block-list\">\n<li>H\u00e1t, ez egy\u00e9rtelm\u0171, persze! A di\u00e1kok visszajelz\u00e9se alapj\u00e1n a k\u00f6nyv m\u00e9g m\u0171k\u00f6dik. \u00c9vek \u00f3ta mondom az \u00fajs\u00e1g\u00edr\u00f3 iskol\u00e1ban, hogy most m\u00e1r lehet, nem k\u00e9ne tan\u00edtanom ezt, nem k\u00e9ne vizsg\u00e1ztatnom bel\u0151le. De m\u00e9g mindig ig\u00e9nylik, nagyon h\u00e1l\u00e1sak, a f\u00e9l\u00e9vi besz\u00e9lget\u00e9seken rendre elmondj\u00e1k, hogy kit\u0171n\u0151 keresztmetszetet kapnak a m\u0171fajokb\u00f3l.<\/li>\n<\/ul>\n\n\n\n<p class=\"wp-block-paragraph\">Mi a legtipikusabb baki, amit a p\u00e1lyakezd\u0151k elk\u00f6vetnek egy sz\u00f6veg meg\u00edr\u00e1sakor vagy elemz\u00e9sekor?<\/p>\n\n\n\n<ul class=\"wp-block-list\">\n<li>Hogy meg akarnak felelni valaminek, vagy olyan elv\u00e1r\u00e1snak, ami nincs. Nem mernek kil\u00e9pni ebb\u0151l, van, akinek nincs is tehets\u00e9ge, de a legt\u00f6bben egyetemet v\u00e9geztek, m\u00e9gis \u00f6sszet\u00e9vesztik az iskolai dolgozatot a cikkel. Ha nem tud ezen \u00e1tl\u00e9pni, soha nem lesz \u00fajs\u00e1g\u00edr\u00f3. B\u00e1r, \u00e9s ezt mindig elmondom, megbecs\u00fclt h\u00e1tt\u00e9remberekre, szerkeszt\u0151kre is sz\u00fcks\u00e9g lesz mindig, nem besz\u00e9lve arr\u00f3l, hogy \u2013 hozz\u00e1teszem, sajnos \u2013 rengeteg szerkeszt\u0151s\u00e9gben az \u00fajs\u00e1g\u00edr\u00f3k gyakorlatilag h\u00edrgy\u00e1rosok, r\u00e1ad\u00e1sul m\u00e1shonnan kib\u00e1ny\u00e1szott forr\u00e1sokb\u00f3l. Ehhez az\u00e9rt nem sz\u00fcks\u00e9ges a Harle-k\u00f6nyvet k\u00edv\u00fclr\u0151l-bel\u00fclr\u0151l megismerni, alkalmazni.<\/li>\n<\/ul>\n\n\n\n<p class=\"wp-block-paragraph\">A m\u00e9diaelemz\u00e9s \u00f3r\u00e1n gyakran sz\u00f3ba ker\u00fclt a mesters\u00e9ges intelligencia t\u00e9rnyer\u00e9se. Az MI-eszk\u00f6z\u00f6k csup\u00e1n hasznos seg\u00edt\u0151t\u00e1rsak a h\u00edrgy\u00e1rt\u00e1sban, vagy alapjaiban fenyegetik a k\u00f6nyvedben is taglalt \u201emesters\u00e9get \u00e9s m\u0171v\u00e9szetet\u201d?<\/p>\n\n\n\n<ul class=\"wp-block-list\">\n<li>Alapjaiban fenyegetik. Gondolj bele: meg\u00e9ri-e nekem belefecc\u00f6lni egy k\u00e9thetes mel\u00f3t abba, hogy felk\u00e9sz\u00fcljek, elmenjek, \u00e9s szakmai tud\u00e1ssal, tapasztalattal, ak\u00e1r irodalmi ig\u00e9nnyel, meg\u00edrjak egy riportot? Ut\u00e1na egyeztessek az interj\u00faalanyokkal \u00e9s a t\u00f6bbi. A g\u00e9p ezt megcsin\u00e1lja ugyanolyan, vagy majdnem ugyanolyan sz\u00ednvonalon. Meg\u00e9ri ez nekem az \u00e9letemb\u0151l? Nem \u00e9ri meg. \u00c9s most olvastam egy cikket, hogy a kiad\u00f3k egy r\u00e9sze p\u00e1nikban van, mert most m\u00e1r a reg\u00e9nyeket is MI \u00edrja.<\/li>\n<\/ul>\n\n\n\n<p class=\"wp-block-paragraph\">A mai digit\u00e1lis zajban \u00e9s a deepfake vide\u00f3k, gener\u00e1lt sz\u00f6vegek kor\u00e1ban mi a legfontosabb szempont, amit egy kezd\u0151 \u00fajs\u00e1g\u00edr\u00f3nak szem el\u0151tt kell tartania, amikor m\u00e9diaszeml\u00e9t vagy forr\u00e1sellen\u0151rz\u00e9st v\u00e9gez?<\/p>\n\n\n\n<ul class=\"wp-block-list\">\n<li>J\u00f3 k\u00e9rd\u00e9s. Nem tudok v\u00e1laszolni, mert m\u00e1r annyira kiker\u00fcltem a mindennapi h\u00edrfolyamb\u00f3l, hogy nem tudom, milyen lehet\u0151s\u00e9gek vannak. A ChatGPT nagyon j\u00f3, vagy a Gemini, de sokat t\u00e9vednek. Ilyenkor h\u00e1romszor-n\u00e9gyszer r\u00e1k\u00e9rdezek, \u00e9s mondja: igen, bocs\u00e1ss meg, pontos\u00edtok. Ha beker\u00fcln\u00e9k most egy \u00fajonnan alakult szerkeszt\u0151s\u00e9gbe, akkor bizony nekem oda k\u00e9ne mennem a h\u00fasz\u00e9veshez, \u00e9s seg\u00edts\u00e9get k\u00e9rni ilyen helyzetben. \u00c9n azt tudom megmondani, hogy egy riport, interj\u00fa vagy b\u00e1rmi m\u00e1s, j\u00f3 vagy sem. Sok\u00e1ig azt gondoltam, hogy a legjobb szerepem az lenne, hogyha alkalmazn\u00e1nak szerkeszt\u0151s\u00e9gek, azt\u00e1n elk\u00fcldik a cikkeket, \u00e9s akkor \u00e9n \u00e9rt\u00e9kel\u00e9st \u00edrok azokr\u00f3l, hol lehet jav\u00edtani, hol lehet m\u00e9g hangs\u00falyosabb\u00e1 tenni. A MI most m\u00e1r ezt is jobban megcsin\u00e1lja, mint \u00e9n.<\/li>\n<\/ul>\n\n\n\n<p class=\"wp-block-paragraph\">Nem t\u00fal biztat\u00f3 kil\u00e1t\u00e1sok. Ha egyetlen \u00fatraval\u00f3 tan\u00e1csot kellene adnod a p\u00e1lyakezd\u0151 \u00fajs\u00e1g\u00edr\u00f3knak \u2013 akik m\u00e1r egy MI uralta m\u00e9diavil\u00e1gban fognak dolgozni \u2013, mi lenne az?<\/p>\n\n\n\n<ul class=\"wp-block-list\">\n<li>Ezerszer gondolj\u00e1k meg, hogy r\u00e1 akarnak-e l\u00e9pni erre a r\u00f6g\u00f6s \u00fatra.<\/li>\n<\/ul>\n\n\n\n<p class=\"wp-block-paragraph\">Balogh Zolt\u00e1n<\/p>\n\n\n\n<p class=\"wp-block-paragraph\">Fot\u00f3: arch\u00edv<\/p>\n\n\n\n<p class=\"wp-block-paragraph\"><\/p>\n","protected":false},"excerpt":{"rendered":"<p>Harle Tam\u00e1s sz\u00e1m\u00e1ra az \u00fajs\u00e1g\u00edr\u00e1s nem puszt\u00e1n mesters\u00e9g, hanem mindenekel\u0151tt k\u00edv\u00e1ncsis\u00e1g az ember ir\u00e1nt. M\u00e9diatan\u00e1rk\u00e9nt harminc \u00e9v tapasztalat\u00e1ra t\u00e1maszkodhat, vend\u00e9gel\u0151ad\u00f3k\u00e9nt n\u00e9h\u00e1ny perc alatt k\u00f6zvetlen l\u00e9gk\u00f6rt teremtett a NTGN hallgat\u00f3ival. Nyitotts\u00e1g, humor \u00e9s \u00f6nir\u00f3nia jellemzi, mik\u00f6zben a szakm\u00e1r\u00f3l meglehet\u0151sen kem\u00e9nyen \u00e9s ill\u00fazi\u00f3k n\u00e9lk\u00fcl besz\u00e9l. Az \u00fajs\u00e1g\u00edr\u00e1s mesters\u00e9ge \u00e9s m\u0171v\u00e9szete c\u00edm\u0171 k\u00f6nyv szerz\u0151jek\u00e9nt ma is fontosnak tartja &#8230; <a title=\"Lebontani a falakat\" class=\"read-more\" href=\"https:\/\/www.ntgn.hu\/?p=5543\" aria-label=\"Tov\u00e1bbi inform\u00e1ci\u00f3 err\u0151l: Lebontani a falakat\">Olvass tov\u00e1bb<\/a><\/p>\n","protected":false},"author":6,"featured_media":5547,"comment_status":"closed","ping_status":"closed","sticky":false,"template":"","format":"standard","meta":{"pgc_sgb_lightbox_settings":"","footnotes":"","_members_access_role":[],"_members_access_error":""},"categories":[8,7],"tags":[],"class_list":["post-5543","post","type-post","status-publish","format-standard","has-post-thumbnail","hentry","category-hirek","category-kiemelt-hirek"],"_links":{"self":[{"href":"https:\/\/www.ntgn.hu\/index.php?rest_route=\/wp\/v2\/posts\/5543","targetHints":{"allow":["GET"]}}],"collection":[{"href":"https:\/\/www.ntgn.hu\/index.php?rest_route=\/wp\/v2\/posts"}],"about":[{"href":"https:\/\/www.ntgn.hu\/index.php?rest_route=\/wp\/v2\/types\/post"}],"author":[{"embeddable":true,"href":"https:\/\/www.ntgn.hu\/index.php?rest_route=\/wp\/v2\/users\/6"}],"replies":[{"embeddable":true,"href":"https:\/\/www.ntgn.hu\/index.php?rest_route=%2Fwp%2Fv2%2Fcomments&post=5543"}],"version-history":[{"count":2,"href":"https:\/\/www.ntgn.hu\/index.php?rest_route=\/wp\/v2\/posts\/5543\/revisions"}],"predecessor-version":[{"id":5550,"href":"https:\/\/www.ntgn.hu\/index.php?rest_route=\/wp\/v2\/posts\/5543\/revisions\/5550"}],"wp:featuredmedia":[{"embeddable":true,"href":"https:\/\/www.ntgn.hu\/index.php?rest_route=\/wp\/v2\/media\/5547"}],"wp:attachment":[{"href":"https:\/\/www.ntgn.hu\/index.php?rest_route=%2Fwp%2Fv2%2Fmedia&parent=5543"}],"wp:term":[{"taxonomy":"category","embeddable":true,"href":"https:\/\/www.ntgn.hu\/index.php?rest_route=%2Fwp%2Fv2%2Fcategories&post=5543"},{"taxonomy":"post_tag","embeddable":true,"href":"https:\/\/www.ntgn.hu\/index.php?rest_route=%2Fwp%2Fv2%2Ftags&post=5543"}],"curies":[{"name":"wp","href":"https:\/\/api.w.org\/{rel}","templated":true}]}}